{"id":1246,"date":"2019-02-20T15:19:11","date_gmt":"2019-02-20T13:19:11","guid":{"rendered":"http:\/\/marc-schulze.com\/?p=1246"},"modified":"2019-03-11T21:48:52","modified_gmt":"2019-03-11T19:48:52","slug":"neuigkeiten-voraus","status":"publish","type":"post","link":"https:\/\/marc-schulze.com\/?p=1246","title":{"rendered":"Neuigkeiten voraus"},"content":{"rendered":"\n<p>Neuigkeiten aus dem Ruhestand. Der ruht erstmal. Der Grund: ein potentieller Nationalmannschaftseinsatz. <\/p>\n\n\n\n<p>Vielleicht hat es der ein oder andere schon \u00fcber Strava bemerkt. Ich mache wieder etwas mehr. Mehr als ein L\u00e4uferruhestand zulassen sollte. <br>Die Chronologie: Ende November trat der DLV-Berglaufbeauftragte mit mir in Kontakt. Er nominiert mich f\u00fcr den Berglaufkader, sagte er. Als Gr\u00fcnde nannte er den 4. Platz bei der Berglauf DM und der 15. Platz beim WMRC Hochfelln-Berglauf. Der Reiz ist gro\u00df, doch wie soll das etwas werden mit Familie und Job?<br>Keine Ahnung! Lass es mich einfach versuchen. <\/p>\n\n\n\n<p>Warum schreibe das jetzt erst?<br>Nunja, ab heute bin ich offiziell im Berglaufkader. Vorher herrschte noch etwas Ungewissheit. Und wer m\u00f6chte schon Fake-News verbreiten?!<br><br>Was kommt jetzt?<br>Vorbereitung auf den Qualifikationswettkampf in Grabs (SUI) am 26.5.2019. Wird sicher schwer mit den paar H\u00fcgeln hier in Dresden und Umgebung. Aber ich werde das Beste daraus machen. Und weil Berglaufen nunmal auch Laufen ist, werde ich im Fr\u00fchjahr meine Beine wieder etwas fit machen. Geplant ist der Citylauf in Dresden und der Berliner Halbmarathon.<\/p>\n\n\n\n<figure class=\"wp-block-image\"><img loading=\"lazy\" decoding=\"async\" width=\"1024\" height=\"682\" src=\"http:\/\/marc-schulze.com\/wp-content\/uploads\/2019\/02\/IMG_Thota_Vaikuntam_20180905_135012_processed-1024x682.jpg\" alt=\"\" class=\"wp-image-1247\" srcset=\"https:\/\/www.marc-schulze.com\/wp-content\/uploads\/2019\/02\/IMG_Thota_Vaikuntam_20180905_135012_processed-1024x682.jpg 1024w, https:\/\/www.marc-schulze.com\/wp-content\/uploads\/2019\/02\/IMG_Thota_Vaikuntam_20180905_135012_processed-300x200.jpg 300w, https:\/\/www.marc-schulze.com\/wp-content\/uploads\/2019\/02\/IMG_Thota_Vaikuntam_20180905_135012_processed-768x512.jpg 768w, https:\/\/www.marc-schulze.com\/wp-content\/uploads\/2019\/02\/IMG_Thota_Vaikuntam_20180905_135012_processed.jpg 1643w\" sizes=\"auto, (max-width: 1024px) 100vw, 1024px\" \/><\/figure>\n","protected":false},"excerpt":{"rendered":"<p>Neuigkeiten aus dem Ruhestand. Der ruht erstmal. Der Grund: ein potentieller Nationalmannschaftseinsatz. Vielleicht hat es der ein oder andere schon \u00fcber Strava bemerkt. Ich mache wieder etwas mehr. Mehr als&#46;&#46;&#46;<\/p>\n","protected":false},"author":1,"featured_media":1247,"comment_status":"closed","ping_status":"closed","sticky":false,"template":"","format":"standard","meta":{"footnotes":""},"categories":[3],"tags":[],"class_list":["post-1246","post","type-post","status-publish","format-standard","has-post-thumbnail","hentry","category-sport"],"_links":{"self":[{"href":"https:\/\/marc-schulze.com\/index.php?rest_route=\/wp\/v2\/posts\/1246","targetHints":{"allow":["GET"]}}],"collection":[{"href":"https:\/\/marc-schulze.com\/index.php?rest_route=\/wp\/v2\/posts"}],"about":[{"href":"https:\/\/marc-schulze.com\/index.php?rest_route=\/wp\/v2\/types\/post"}],"author":[{"embeddable":true,"href":"https:\/\/marc-schulze.com\/index.php?rest_route=\/wp\/v2\/users\/1"}],"replies":[{"embeddable":true,"href":"https:\/\/marc-schulze.com\/index.php?rest_route=%2Fwp%2Fv2%2Fcomments&post=1246"}],"version-history":[{"count":2,"href":"https:\/\/marc-schulze.com\/index.php?rest_route=\/wp\/v2\/posts\/1246\/revisions"}],"predecessor-version":[{"id":1251,"href":"https:\/\/marc-schulze.com\/index.php?rest_route=\/wp\/v2\/posts\/1246\/revisions\/1251"}],"wp:featuredmedia":[{"embeddable":true,"href":"https:\/\/marc-schulze.com\/index.php?rest_route=\/wp\/v2\/media\/1247"}],"wp:attachment":[{"href":"https:\/\/marc-schulze.com\/index.php?rest_route=%2Fwp%2Fv2%2Fmedia&parent=1246"}],"wp:term":[{"taxonomy":"category","embeddable":true,"href":"https:\/\/marc-schulze.com\/index.php?rest_route=%2Fwp%2Fv2%2Fcategories&post=1246"},{"taxonomy":"post_tag","embeddable":true,"href":"https:\/\/marc-schulze.com\/index.php?rest_route=%2Fwp%2Fv2%2Ftags&post=1246"}],"curies":[{"name":"wp","href":"https:\/\/api.w.org\/{rel}","templated":true}]}}